{"id":2757,"date":"2017-01-08T05:05:46","date_gmt":"2017-01-08T04:05:46","guid":{"rendered":"https:\/\/andyland.info\/wordpress\/?p=2757"},"modified":"2017-01-05T13:37:20","modified_gmt":"2017-01-05T12:37:20","slug":"alzheimer-und-demenz-in-osnabruck","status":"publish","type":"post","link":"https:\/\/andyland.info\/wordpress\/alzheimer-und-demenz-in-osnabruck\/","title":{"rendered":"Alzheimer und Demenz in Osnabr\u00fcck"},"content":{"rendered":"<p>Als wir f\u00fcr meine Mom auf der Suche nach einem Pflegeheim waren, haben wir uns sehr (sehr!)\u00a0viele Heime pers\u00f6nlich angesehen, sehr viel telefoniert und das alles -und das ist wichtig- aufgeschrieben. Das Ergebnis ist ein f\u00fcr uns mittlerweile zum Gl\u00fcck obsoletes Verzeichnis nahezu aller Pflegeheime im Umkreis von ~50km um Osnabr\u00fcck. Zu den Notizen geh\u00f6ren aktuelle Ansprechpartner (Stand: Mitte 2016), Kosten f\u00fcr Pflegestufen (seit Anfang 2017 veraltet, aber als Orientierung bestimmt hilfreich), der Hinweis auf vorhandene gesch\u00fctzte, bzw geschlossene Bereiche, etc.<img loading=\"lazy\" decoding=\"async\" class=\"alignright wp-image-2775 \" src=\"https:\/\/andyland.info\/wordpress\/wp-content\/uploads\/demenz-1024x614.png\" width=\"665\" height=\"399\" srcset=\"https:\/\/andyland.info\/wordpress\/wp-content\/uploads\/demenz.png 1024w, https:\/\/andyland.info\/wordpress\/wp-content\/uploads\/demenz-300x180.png 300w, https:\/\/andyland.info\/wordpress\/wp-content\/uploads\/demenz-768x461.png 768w, https:\/\/andyland.info\/wordpress\/wp-content\/uploads\/demenz-250x150.png 250w, https:\/\/andyland.info\/wordpress\/wp-content\/uploads\/demenz-150x90.png 150w\" sizes=\"auto, (max-width: 665px) 100vw, 665px\" \/><\/p>\n<p>Man bekommt solche Listen auch \u00fcber die <a href=\"https:\/\/www.weisse-liste.de\/de\/\">wei\u00dfe Liste<\/a>, von der Krankenkasse, vom &#8220;<a href=\"http:\/\/pflege-os.de\/sysconfig\/company\/print\">Pflegest\u00fctzpunkt Landkreis Osnabr\u00fcck<\/a>&#8220;, von den Sozialarbeitern im Ameos (sofern sie gewillt sind), von der <a href=\"http:\/\/www.alzheimer-os.de\/index.php?id=11\">Alzheimer-Gesellschaft<\/a>, etc. Diese sind i.d.R. aber hoffnungslos veraltet und enthalten\u00a0bis auf den Namen der Einrichtung kaum verwertbare Information. Im &#8220;Haus am Ledenhof&#8221; ist in manchen Listen z.B. immer noch mein alter Kumpel Jan als PDL vermerkt. Der ist seit ~5 Jahren als IT-Mensch unterwegs &#8230; soviel dazu.<\/p>\n<p>Es w\u00e4re schade, wenn diese Info nicht weiter genutzt werden k\u00f6nnte. Aus naheliegenden Gr\u00fcnden ver\u00f6ffentliche ich die Liste hier nicht\u00a0direkt (es sind i.d.R. die Pflegedienstleitungen namentlich mit Telefonnummer vermerkt, dazu private Kommentare, etc), stelle aber\u00a0die Informationen allen Interessierten auf Nachfrage kurzfristig zur Verf\u00fcgung.<\/p>\n<p>Ganz bestimmt bin ich auf dem Gebiet kein Experte, habe als betroffener Angeh\u00f6riger aber mittlerweile genug mitgemacht, um\u00a0viele Fragen beantworten zu k\u00f6nnen. Die erste Einrichtung, zum Beispiel, in der wir meine Mom unterbringen konnten, hielt es f\u00fcr eine gute Idee, meine Mutter auf einem Freitag Nachmittag rauszuwerfen und zur\u00fcck\u00a0ins Ameos zu schicken. Ohne Absprache mit dem Ameos-Klinikum oder gar mit uns. Wir haben davon erst erfahren, als meine Mom schon im Krankentransport auf dem Weg ins Klinikum\u00a0war.\u00a0Kann man sich nicht ausdenken, sowas. Sch\u00f6ne Gr\u00fc\u00dfe \u00fcbrigens ans &#8220;Alternative Wohnen&#8221; in Lotte-B\u00fcren. Ihr steht bei mir auch noch auf einer ganz anderen Liste.<\/p>\n<p>Worauf ich damit hinaus will: Man denkt als Angeh\u00f6riger oft, man sei mit der Situation alleine auf der Welt. Is&#8217; nicht so. Andere sind da auch irgendwie durchgekommen, es geht immer irgendwie. Fragt einfach.<\/p>\n","protected":false},"excerpt":{"rendered":"<p>Als wir f\u00fcr meine Mom auf der Suche nach einem Pflegeheim waren, haben wir uns sehr (sehr!)\u00a0viele Heime pers\u00f6nlich angesehen, sehr viel telefoniert und das alles -und das ist wichtig- aufgeschrieben. Das Ergebnis ist ein f\u00fcr uns mittlerweile zum Gl\u00fcck obsoletes Verzeichnis nahezu aller Pflegeheime im Umkreis von ~50km um \u2026 <a class=\"continue-reading-link\" href=\"https:\/\/andyland.info\/wordpress\/alzheimer-und-demenz-in-osnabruck\/\"> Continue reading <span class=\"meta-nav\">&rarr; <\/span><\/a><\/p>\n","protected":false},"author":2,"featured_media":0,"comment_status":"open","ping_status":"open","sticky":false,"template":"","format":"standard","meta":{"_crdt_document":"","footnotes":"","_links_to":"","_links_to_target":""},"categories":[6],"tags":[224,226,191,199,227],"class_list":["post-2757","post","type-post","status-publish","format-standard","hentry","category-rumpelkiste","tag-alzheimer","tag-ameos","tag-demenz","tag-osnabruck","tag-weise-liste","odd"],"_links":{"self":[{"href":"https:\/\/andyland.info\/wordpress\/wp-json\/wp\/v2\/posts\/2757","targetHints":{"allow":["GET"]}}],"collection":[{"href":"https:\/\/andyland.info\/wordpress\/wp-json\/wp\/v2\/posts"}],"about":[{"href":"https:\/\/andyland.info\/wordpress\/wp-json\/wp\/v2\/types\/post"}],"author":[{"embeddable":true,"href":"https:\/\/andyland.info\/wordpress\/wp-json\/wp\/v2\/users\/2"}],"replies":[{"embeddable":true,"href":"https:\/\/andyland.info\/wordpress\/wp-json\/wp\/v2\/comments?post=2757"}],"version-history":[{"count":0,"href":"https:\/\/andyland.info\/wordpress\/wp-json\/wp\/v2\/posts\/2757\/revisions"}],"wp:attachment":[{"href":"https:\/\/andyland.info\/wordpress\/wp-json\/wp\/v2\/media?parent=2757"}],"wp:term":[{"taxonomy":"category","embeddable":true,"href":"https:\/\/andyland.info\/wordpress\/wp-json\/wp\/v2\/categories?post=2757"},{"taxonomy":"post_tag","embeddable":true,"href":"https:\/\/andyland.info\/wordpress\/wp-json\/wp\/v2\/tags?post=2757"}],"curies":[{"name":"wp","href":"https:\/\/api.w.org\/{rel}","templated":true}]}}